{"id":31578,"date":"2022-12-14T14:57:49","date_gmt":"2022-12-14T13:57:49","guid":{"rendered":"https:\/\/www.coralguardian.org\/limpact-de-la-cop27-sur-la-biodiversite-et-les-coraux\/"},"modified":"2022-12-14T15:35:16","modified_gmt":"2022-12-14T14:35:16","slug":"what-about-the-impact-of-cop27-on-marine-biodiversity-and-corals","status":"publish","type":"post","link":"https:\/\/www.coralguardian.org\/en\/what-about-the-impact-of-cop27-on-marine-biodiversity-and-corals\/","title":{"rendered":"What about the impact of COP27 on marine biodiversity and corals?"},"content":{"rendered":"<p><span style=\"font-weight: 400;\">Every year, the United Nations holds a two-week conference (COP, as Conference of the Parties) aimed specifically at taking stock of global progress made towards climate change mitigation, creating new frameworks to deal with impacts, adaptation, and finance, as well as setting the next set of targets for governments to reach. After two weeks of negotiations on key topics, COP concludes with a statement, and sometimes a major agreement on climate action (<\/span><a href=\"https:\/\/unfccc.int\/process-and-meetings\/the-paris-agreement\/the-paris-agreement\"><span style=\"font-weight: 400;\">Paris Agreement<\/span><\/a><span style=\"font-weight: 400;\">, COP21), or the creation of a new tool (<\/span><a href=\"https:\/\/unfccc.int\/topics\/adaptation-and-resilience\/workstreams\/loss-and-damage\/warsaw-international-mechanism#:~:text=The%20COP%20established%20the%20Warsaw,that%20are%20particularly%20vulnerable%20to\"><span style=\"font-weight: 400;\">Warsaw Mechanism<\/span><\/a><span style=\"font-weight: 400;\">, COP19) [1].<\/span><\/p>\n<p>&nbsp;<\/p>\n<p><span style=\"font-weight: 400;\">This year\u2019s summit, COP27, was held in Sharm el-Sheikh in Egypt, between the 6th and 18th of November, and was expected to yield movement on environmental conservation and climate finance. Oceans and forests were of particular interest following developments at COP26 in Glasgow the previous year, while a resolution on climate finance &#8211; especially Loss &amp; Damage &#8211; could open the door for investment into nature-based solutions and economic development tied to environmental protection [2]. For island nations and coastal communities, this is represented by the development of the Blue Economy, or marine-based financial gain through active conservation and maximization of local resources &#8211; such as coral reefs and their wide range of ecosystem services [3-5].<\/span><\/p>\n<p>&nbsp;<\/p>\n<p><b>Policy Results<\/b><\/p>\n<p><span style=\"font-weight: 400;\">Unfortunately, the decisions taken at Sharm el-Sheikh were not conclusive for biodiversity. The pledges made on forestry resources in Glasgow fell through, but the launch of the <\/span><a href=\"https:\/\/www.iucn.org\/press-release\/202211\/egyptian-cop27-presidency-germany-and-iucn-announce-enact-initiative-nature\"><span style=\"font-weight: 400;\">ENACT<\/span><\/a><span style=\"font-weight: 400;\"> (Enhancing Nature-based Solutions for an Accelerated Climate Transformation) initiative to reduce carbon emissions through protecting and conserving carbon-rich natural environments was a positive development [6]. This, along with a breakthrough on <\/span><a href=\"https:\/\/unfccc.int\/news\/cop27-reaches-breakthrough-agreement-on-new-loss-and-damage-fund-for-vulnerable-countries\"><span style=\"font-weight: 400;\">Loss &amp; Damage<\/span><\/a><span style=\"font-weight: 400;\"> were some of the only advancements made in Egypt &#8211; however, biodiversity is back on the agenda this December, with the UN Biodiversity conference being held in Montreal from the 7th-19th [2].<\/span><\/p>\n<p><span style=\"font-weight: 400;\">A key point to monitor at this summit is the development of the 30 by 30 goal, a target championed by over a hundred countries to protect 30% of the world\u2019s land and seas by 2030. There are few details as to the implementation of these goals but a framework is expected to emerge from Montreal, and dictate how natural systems and biodiversity will be enhanced through this target. The 30&#215;30 has the ability to be one of the most impactful conservation measures ever enacted and could help preserve important biomes such as coral reefs, seagrass beds, and mangrove forests [7].<\/span><\/p>\n<p>&nbsp;<\/p>\n<p><b>References<\/b><\/p>\n<p><span style=\"font-weight: 400;\">[1] Romdhane, M. &amp; Diringer, V. (2021), \u201cWhat is COP?\u201d, ClimaTalk.<\/span><\/p>\n<p><span style=\"font-weight: 400;\">[2] Diringer, V. (2022), \u201cPre-COP27 Analysis: A Focus on Biodiversity\u201d, ClimaTalk.<\/span><\/p>\n<p><span style=\"font-weight: 400;\">[3] Wenhai, L., Cusack, C., Baker, M., Tao, W., Mingbao, C., Paige, K., \u2026 Yufeng, Y. (2019), \u201cSuccessful Blue Economy Examples With an Emphasis on International Perspectives\u201d, Frontiers in Marine Science 6. <\/span><a href=\"https:\/\/doi.org\/10.3389\/fmars.2019.00261\"><span style=\"font-weight: 400;\">https:\/\/doi.org\/10.3389\/fmars.2019.00261<\/span><\/a><span style=\"font-weight: 400;\">\u00a0<\/span><\/p>\n<p><span style=\"font-weight: 400;\">[4] Friday, A., Kami, T., Greenberg, N., Barr, R., Pasisi, C., &amp; Kostka, W. (2022), \u201cSustainable Financing for the Pacific Blue Continent to Achieve 30% MPA and 100% Sustainable Management\u201d, Virtual Island Summit, Island Innovation.<\/span><\/p>\n<p><span style=\"font-weight: 400;\">[5] Koehring, M., Eiras, R., Mitchell, K., Afrin, Z., Shabnam, S., &amp; Ebrahim A. (2022), \u201cHow can we Develop Blue Economy Opportunities?\u201d, Virtual Island Summit, Island Innovation.<\/span><\/p>\n<p><span style=\"font-weight: 400;\">[6] International Union for Conservation of Nature (2022), \u201cEgyptian COP27 Presidency, Germany and IUCN announce ENACT Initiative for Nature-based Solutions\u201d, IUCN.<\/span><\/p>\n<p><span style=\"font-weight: 400;\">[7] Waldron, A., Adams, V., Allan, J., Arnell, A., Asner, G., Atkinson, S., \u2026 Zhang Y.P. (2022). \u201cProtecting 30% of the planet for nature: costs, benefits and economic implications\u201d, High<\/span><\/p>\n<div role=\"form\" class=\"wpcf7\" id=\"wpcf7-f22507-p22507-o1\" lang=\"en-US\" dir=\"ltr\"><div><div class=\"wpcf7-form\"><div class=\"fit-the-fullspace\"><div><div class=\"screen-reader-response\"><p role=\"status\" aria-live=\"polite\" aria-atomic=\"true\"><\/p> <ul><\/ul><\/div><form action=\"\/en\/wp-json\/wp\/v2\/posts\/31578#wpcf7-f22507-p22507-o1\" method=\"post\" class=\"wpcf7-form init\" enctype=\"\" autocomplete=\"autocomplete\" novalidate=\"novalidate\" data-status=\"init\" locale=\"en_US\"><div style=\"display: block;\"><input type=\"hidden\" name=\"_wpcf7\" value=\"22507\" \/>\n<input type=\"hidden\" name=\"_wpcf7_version\" value=\"5.8.6\" \/>\n<input type=\"hidden\" name=\"_wpcf7_locale\" value=\"en_US\" \/>\n<input type=\"hidden\" name=\"_wpcf7_unit_tag\" value=\"wpcf7-f22507-p22507-o1\" \/>\n<input type=\"hidden\" name=\"_wpcf7_posted_data_hash\" value=\"\" \/>\n<input type=\"hidden\" name=\"_wpcf7_fit-the-fullspace\" value=\"\" \/>\n<\/div><p><label> Your name<br \/>\n<span class=\"wpcf7-form-control-wrap\" data-name=\"your-name\"><input size=\"40\" class=\"wpcf7-form-control wpcf7-text wpcf7-validates-as-required\" autocomplete=\"name\" aria-required=\"true\" aria-invalid=\"false\" value=\"\" type=\"text\" name=\"your-name\" \/><\/span> <\/label>\n<\/p>\n<p><label> Your email<br \/>\n<span class=\"wpcf7-form-control-wrap\" data-name=\"your-email\"><input size=\"40\" class=\"wpcf7-form-control wpcf7-email wpcf7-validates-as-required wpcf7-text wpcf7-validates-as-email\" autocomplete=\"email\" aria-required=\"true\" aria-invalid=\"false\" value=\"\" type=\"email\" name=\"your-email\" \/><\/span> <\/label>\n<\/p>\n<p><label> Subject<br \/>\n<span class=\"wpcf7-form-control-wrap\" data-name=\"your-subject\"><input size=\"40\" class=\"wpcf7-form-control wpcf7-text wpcf7-validates-as-required\" aria-required=\"true\" aria-invalid=\"false\" value=\"\" type=\"text\" name=\"your-subject\" \/><\/span> <\/label>\n<\/p>\n<p><label> Your message (optional)<br \/>\n<span class=\"wpcf7-form-control-wrap\" data-name=\"your-message\"><textarea cols=\"40\" rows=\"10\" class=\"wpcf7-form-control wpcf7-textarea\" aria-invalid=\"false\" name=\"your-message\"><\/textarea><\/span> <\/label>\n<\/p>\n<p><input class=\"wpcf7-form-control wpcf7-submit has-spinner\" type=\"submit\" value=\"Submit\" \/>\n<\/p><div class=\"wpcf7-response-output\" aria-hidden=\"true\"><\/div><\/form><\/div><\/div><\/div><\/div><\/div>","protected":false},"excerpt":{"rendered":"<p>Every year, the United Nations holds a two-week conference (COP, as Conference of the Parties) aimed specifically at taking stock of global progress made towards&#8230; <\/p>\n","protected":false},"author":16,"featured_media":31575,"comment_status":"open","ping_status":"open","sticky":false,"template":"","format":"standard","meta":{"_acf_changed":false,"footnotes":""},"categories":[12,350],"tags":[334,644],"acf":[],"yoast_head":"<!-- This site is optimized with the Yoast SEO plugin v21.8 - https:\/\/yoast.com\/wordpress\/plugins\/seo\/ -->\n<title>What about the impact of COP27 on marine biodiversity and corals?<\/title>\n<meta name=\"description\" content=\"Every year, the UN holds a two-week conference. Discover the impact and outcome of the COP27 negotiations on biodiversity and corals.\" \/>\n<meta name=\"robots\" content=\"index, follow, max-snippet:-1, max-image-preview:large, max-video-preview:-1\" \/>\n<link rel=\"canonical\" href=\"https:\/\/www.coralguardian.org\/en\/what-about-the-impact-of-cop27-on-marine-biodiversity-and-corals\/\" \/>\n<meta property=\"og:locale\" content=\"en_US\" \/>\n<meta property=\"og:type\" content=\"article\" \/>\n<meta property=\"og:title\" content=\"What about the impact of COP27 on marine biodiversity and corals?\" \/>\n<meta property=\"og:description\" content=\"Every year, the UN holds a two-week conference. Discover the impact and outcome of the COP27 negotiations on biodiversity and corals.\" \/>\n<meta property=\"og:url\" content=\"https:\/\/www.coralguardian.org\/en\/what-about-the-impact-of-cop27-on-marine-biodiversity-and-corals\/\" \/>\n<meta property=\"og:site_name\" content=\"Coral Guardian\" \/>\n<meta property=\"article:published_time\" content=\"2022-12-14T13:57:49+00:00\" \/>\n<meta property=\"article:modified_time\" content=\"2022-12-14T14:35:16+00:00\" \/>\n<meta property=\"og:image\" content=\"https:\/\/www.coralguardian.org\/app\/uploads\/2022\/12\/2021_1226_04374900.jpg\" \/>\n\t<meta property=\"og:image:width\" content=\"2048\" \/>\n\t<meta property=\"og:image:height\" content=\"1536\" \/>\n\t<meta property=\"og:image:type\" content=\"image\/jpeg\" \/>\n<meta name=\"author\" content=\"Vincent Diringer\" \/>\n<meta name=\"twitter:card\" content=\"summary_large_image\" \/>\n<meta name=\"twitter:label1\" content=\"Written by\" \/>\n\t<meta name=\"twitter:data1\" content=\"Vincent Diringer\" \/>\n\t<meta name=\"twitter:label2\" content=\"Est. reading time\" \/>\n\t<meta name=\"twitter:data2\" content=\"3 minutes\" \/>\n<script type=\"application\/ld+json\" class=\"yoast-schema-graph\">{\"@context\":\"https:\/\/schema.org\",\"@graph\":[{\"@type\":\"WebPage\",\"@id\":\"https:\/\/www.coralguardian.org\/en\/what-about-the-impact-of-cop27-on-marine-biodiversity-and-corals\/\",\"url\":\"https:\/\/www.coralguardian.org\/en\/what-about-the-impact-of-cop27-on-marine-biodiversity-and-corals\/\",\"name\":\"What about the impact of COP27 on marine biodiversity and corals?\",\"isPartOf\":{\"@id\":\"https:\/\/www.coralguardian.org\/#website\"},\"datePublished\":\"2022-12-14T13:57:49+00:00\",\"dateModified\":\"2022-12-14T14:35:16+00:00\",\"author\":{\"@id\":\"https:\/\/www.coralguardian.org\/#\/schema\/person\/c5cd5f884ffa12311dbddf8ff4a8e147\"},\"description\":\"Every year, the UN holds a two-week conference. Discover the impact and outcome of the COP27 negotiations on biodiversity and corals.\",\"inLanguage\":\"en-US\",\"potentialAction\":[{\"@type\":\"ReadAction\",\"target\":[\"https:\/\/www.coralguardian.org\/en\/what-about-the-impact-of-cop27-on-marine-biodiversity-and-corals\/\"]}]},{\"@type\":\"WebSite\",\"@id\":\"https:\/\/www.coralguardian.org\/#website\",\"url\":\"https:\/\/www.coralguardian.org\/\",\"name\":\"Coral Guardian\",\"description\":\"Pr\u00e9server les \u00e9cosyst\u00e8mes coralliens et les communaut\u00e9s qui en d\u00e9pendent.\",\"potentialAction\":[{\"@type\":\"SearchAction\",\"target\":{\"@type\":\"EntryPoint\",\"urlTemplate\":\"https:\/\/www.coralguardian.org\/?s={search_term_string}\"},\"query-input\":\"required name=search_term_string\"}],\"inLanguage\":\"en-US\"},{\"@type\":\"Person\",\"@id\":\"https:\/\/www.coralguardian.org\/#\/schema\/person\/c5cd5f884ffa12311dbddf8ff4a8e147\",\"name\":\"Vincent Diringer\",\"image\":{\"@type\":\"ImageObject\",\"inLanguage\":\"en-US\",\"@id\":\"https:\/\/www.coralguardian.org\/#\/schema\/person\/image\/\",\"url\":\"https:\/\/www.coralguardian.org\/app\/uploads\/2022\/08\/Vincent-Diringer-125x125.jpeg\",\"contentUrl\":\"https:\/\/www.coralguardian.org\/app\/uploads\/2022\/08\/Vincent-Diringer-125x125.jpeg\",\"caption\":\"Vincent Diringer\"}}]}<\/script>\n<!-- \/ Yoast SEO plugin. -->","yoast_head_json":{"title":"What about the impact of COP27 on marine biodiversity and corals?","description":"Every year, the UN holds a two-week conference. Discover the impact and outcome of the COP27 negotiations on biodiversity and corals.","robots":{"index":"index","follow":"follow","max-snippet":"max-snippet:-1","max-image-preview":"max-image-preview:large","max-video-preview":"max-video-preview:-1"},"canonical":"https:\/\/www.coralguardian.org\/en\/what-about-the-impact-of-cop27-on-marine-biodiversity-and-corals\/","og_locale":"en_US","og_type":"article","og_title":"What about the impact of COP27 on marine biodiversity and corals?","og_description":"Every year, the UN holds a two-week conference. Discover the impact and outcome of the COP27 negotiations on biodiversity and corals.","og_url":"https:\/\/www.coralguardian.org\/en\/what-about-the-impact-of-cop27-on-marine-biodiversity-and-corals\/","og_site_name":"Coral Guardian","article_published_time":"2022-12-14T13:57:49+00:00","article_modified_time":"2022-12-14T14:35:16+00:00","og_image":[{"width":2048,"height":1536,"url":"https:\/\/www.coralguardian.org\/app\/uploads\/2022\/12\/2021_1226_04374900.jpg","type":"image\/jpeg"}],"author":"Vincent Diringer","twitter_card":"summary_large_image","twitter_misc":{"Written by":"Vincent Diringer","Est. reading time":"3 minutes"},"schema":{"@context":"https:\/\/schema.org","@graph":[{"@type":"WebPage","@id":"https:\/\/www.coralguardian.org\/en\/what-about-the-impact-of-cop27-on-marine-biodiversity-and-corals\/","url":"https:\/\/www.coralguardian.org\/en\/what-about-the-impact-of-cop27-on-marine-biodiversity-and-corals\/","name":"What about the impact of COP27 on marine biodiversity and corals?","isPartOf":{"@id":"https:\/\/www.coralguardian.org\/#website"},"datePublished":"2022-12-14T13:57:49+00:00","dateModified":"2022-12-14T14:35:16+00:00","author":{"@id":"https:\/\/www.coralguardian.org\/#\/schema\/person\/c5cd5f884ffa12311dbddf8ff4a8e147"},"description":"Every year, the UN holds a two-week conference. Discover the impact and outcome of the COP27 negotiations on biodiversity and corals.","inLanguage":"en-US","potentialAction":[{"@type":"ReadAction","target":["https:\/\/www.coralguardian.org\/en\/what-about-the-impact-of-cop27-on-marine-biodiversity-and-corals\/"]}]},{"@type":"WebSite","@id":"https:\/\/www.coralguardian.org\/#website","url":"https:\/\/www.coralguardian.org\/","name":"Coral Guardian","description":"Pr\u00e9server les \u00e9cosyst\u00e8mes coralliens et les communaut\u00e9s qui en d\u00e9pendent.","potentialAction":[{"@type":"SearchAction","target":{"@type":"EntryPoint","urlTemplate":"https:\/\/www.coralguardian.org\/?s={search_term_string}"},"query-input":"required name=search_term_string"}],"inLanguage":"en-US"},{"@type":"Person","@id":"https:\/\/www.coralguardian.org\/#\/schema\/person\/c5cd5f884ffa12311dbddf8ff4a8e147","name":"Vincent Diringer","image":{"@type":"ImageObject","inLanguage":"en-US","@id":"https:\/\/www.coralguardian.org\/#\/schema\/person\/image\/","url":"https:\/\/www.coralguardian.org\/app\/uploads\/2022\/08\/Vincent-Diringer-125x125.jpeg","contentUrl":"https:\/\/www.coralguardian.org\/app\/uploads\/2022\/08\/Vincent-Diringer-125x125.jpeg","caption":"Vincent Diringer"}}]}},"_links":{"self":[{"href":"https:\/\/www.coralguardian.org\/en\/wp-json\/wp\/v2\/posts\/31578"}],"collection":[{"href":"https:\/\/www.coralguardian.org\/en\/wp-json\/wp\/v2\/posts"}],"about":[{"href":"https:\/\/www.coralguardian.org\/en\/wp-json\/wp\/v2\/types\/post"}],"author":[{"embeddable":true,"href":"https:\/\/www.coralguardian.org\/en\/wp-json\/wp\/v2\/users\/16"}],"replies":[{"embeddable":true,"href":"https:\/\/www.coralguardian.org\/en\/wp-json\/wp\/v2\/comments?post=31578"}],"version-history":[{"count":2,"href":"https:\/\/www.coralguardian.org\/en\/wp-json\/wp\/v2\/posts\/31578\/revisions"}],"predecessor-version":[{"id":31580,"href":"https:\/\/www.coralguardian.org\/en\/wp-json\/wp\/v2\/posts\/31578\/revisions\/31580"}],"wp:featuredmedia":[{"embeddable":true,"href":"https:\/\/www.coralguardian.org\/en\/wp-json\/wp\/v2\/media\/31575"}],"wp:attachment":[{"href":"https:\/\/www.coralguardian.org\/en\/wp-json\/wp\/v2\/media?parent=31578"}],"wp:term":[{"taxonomy":"category","embeddable":true,"href":"https:\/\/www.coralguardian.org\/en\/wp-json\/wp\/v2\/categories?post=31578"},{"taxonomy":"post_tag","embeddable":true,"href":"https:\/\/www.coralguardian.org\/en\/wp-json\/wp\/v2\/tags?post=31578"}],"curies":[{"name":"wp","href":"https:\/\/api.w.org\/{rel}","templated":true}]}}