{"id":34198,"date":"2026-04-21T15:22:38","date_gmt":"2026-04-21T13:22:38","guid":{"rendered":"https:\/\/www.coralguardian.org\/?p=34198"},"modified":"2026-04-21T22:07:14","modified_gmt":"2026-04-21T20:07:14","slug":"meet-aimara-arroyave-sanchez-coral-guardian-at-punta-de-la-mona-spain","status":"publish","type":"post","link":"https:\/\/www.coralguardian.org\/en\/meet-aimara-arroyave-sanchez-coral-guardian-at-punta-de-la-mona-spain\/","title":{"rendered":"Meet Aimara Arroyave S\u00e1nchez, coral guardian at Punta de la Mona, Spain"},"content":{"rendered":"<p>In this series of articles, we invite you to meet the people who shape our organisation \u2014 those who inspire and motivate us. For this fourth feature, we give the floor to Aimara Arroyave S\u00e1nchez, the education manager for Coral Soul, our partner in Spain.<\/p>\n<p><strong>Can you introduce yourself in a few words?<\/strong><\/p>\n<p>My name is <strong>Aimara Arroyave S\u00e1nchez<\/strong>, and I lead the Education Department. I live in C\u00e1diz, although my work is mobile: we travel across Andalusia delivering awareness workshops about the fascinating world of corals.<\/p>\n<p><strong>How did you start working in coral restoration?<\/strong><\/p>\n<p>Thanks to Coral Soul.<\/p>\n<p><strong>What motivated you to join Coral Soul and Coral Guardian?<\/strong><\/p>\n<p>On one hand, these are projects with real purpose and soul. They aim to protect and improve life, which is what drives me. On the other, the people behind these projects have become like family.<\/p>\n<p><strong>Is there a value or a word that captures the spirit of Coral Guardian \/ restoration programmes?<\/strong><\/p>\n<p>Commitment to protecting life.<\/p>\n<p><strong>What does a typical day in the field look like for you?<\/strong><\/p>\n<p>It depends on the groups we work with, but we usually visit schools or community organisations. We run interactive sessions using discussions, games, sensory activities, and virtual reality headsets to explain what corals are and why they matter.<\/p>\n<p><strong>What gives you energy in this work?<\/strong><\/p>\n<p>I believe in people\u2019s capacity for change through projects like this. In one word: it gives me hope for the future.<\/p>\n<p><strong>Can you describe the restoration site?<\/strong><\/p>\n<p>In my case, although I often talk about it, I haven\u2019t yet been able to dive down to the restoration sites due to depth limitations. I\u2019m continuing my diving training so I can experience them firsthand.<\/p>\n<p><strong>What are the main steps in coral restoration?<\/strong><\/p>\n<p>It depends on the project. For example, in the Deep Core Project: coral fragments are collected from the seabed, transferred to underwater nurseries, carefully monitored and nurtured until healthy, and then replanted onto the reef to help rebuild it.<\/p>\n<p><strong>What is your team\u2019s greatest strength?<\/strong><\/p>\n<p>Community support and trust. We also have a multidisciplinary team, which brings diverse perspectives.<\/p>\n<p><strong>What are the main challenges you face?<\/strong><\/p>\n<p>Administrative processes can sometimes slow things down and be discouraging. At the same time, the climate emergency means we are working against the clock.<\/p>\n<p><strong>And your greatest achievements?<\/strong><\/p>\n<p>Knowing that every step forward is a win. Seeing the project\u2019s impact and the hope in people\u2019s eyes when they discover it.<\/p>\n<p><strong>Why is it so important to restore coral reefs?<\/strong><\/p>\n<p>Coral reefs are vital to ocean health. They support biodiversity, help tackle climate change, act as indicators of ocean health, protect coastlines from natural disasters, and hold cultural and economic value for local communities.<\/p>\n<p><strong>What is your best memory linked to the Deep Core Project?<\/strong><\/p>\n<p>The visit from Juliette and Paola last year \u2014 a wonderful moment that strengthened team connections and shared goals.<\/p>\n<p><strong>What has been your most beautiful encounter in the ocean?<\/strong><\/p>\n<p>The first time I saw a gorgonian coral. I\u2019ve only recently started diving, so every dive feels incredible.<\/p>\n<p><strong>How do you interact with local communities?<\/strong><\/p>\n<p>Community networks are essential. We collaborate with local groups and organisations to deliver workshops, and these relationships often continue beyond the sessions through ongoing exchanges.<\/p>\n<p><strong>In your opinion, what concrete changes does coral restoration bring?<\/strong><\/p>\n<ul>\n<li>Restores marine biodiversity and habitats<\/li>\n<li>Strengthens ecosystem resilience to climate change<\/li>\n<li>Protects coastlines from erosion and waves<\/li>\n<li>Supports fisheries recovery<\/li>\n<li>Creates social and economic benefits through sustainable tourism and local jobs<\/li>\n<\/ul>\n<p><strong>If you could send a message to people adopting a coral, what would you say?<\/strong><\/p>\n<p>Thank you for being part of this collective effort. By adopting a coral, you are helping protect a vital ecosystem.<\/p>\n<p><strong>If you could describe the ocean in one word?<\/strong><\/p>\n<p>Life.<\/p>\n<p><!-- notionvc: 734e6964-522d-41cf-8af4-b57652489a33 --><\/p>\n<div role=\"form\" class=\"wpcf7\" id=\"wpcf7-f22507-p22507-o1\" lang=\"en-US\" dir=\"ltr\"><div><div class=\"wpcf7-form\"><div class=\"fit-the-fullspace\"><div><div class=\"screen-reader-response\"><p role=\"status\" aria-live=\"polite\" aria-atomic=\"true\"><\/p> <ul><\/ul><\/div><form action=\"\/en\/wp-json\/wp\/v2\/posts\/34198#wpcf7-f22507-p22507-o1\" method=\"post\" class=\"wpcf7-form init\" enctype=\"\" autocomplete=\"autocomplete\" novalidate=\"novalidate\" data-status=\"init\" locale=\"en_US\"><div style=\"display: block;\"><input type=\"hidden\" name=\"_wpcf7\" value=\"22507\" \/>\n<input type=\"hidden\" name=\"_wpcf7_version\" value=\"5.8.6\" \/>\n<input type=\"hidden\" name=\"_wpcf7_locale\" value=\"en_US\" \/>\n<input type=\"hidden\" name=\"_wpcf7_unit_tag\" value=\"wpcf7-f22507-p22507-o1\" \/>\n<input type=\"hidden\" name=\"_wpcf7_posted_data_hash\" value=\"\" \/>\n<input type=\"hidden\" name=\"_wpcf7_fit-the-fullspace\" value=\"\" \/>\n<\/div><p><label> Your name<br \/>\n<span class=\"wpcf7-form-control-wrap\" data-name=\"your-name\"><input size=\"40\" class=\"wpcf7-form-control wpcf7-text wpcf7-validates-as-required\" autocomplete=\"name\" aria-required=\"true\" aria-invalid=\"false\" value=\"\" type=\"text\" name=\"your-name\" \/><\/span> <\/label>\n<\/p>\n<p><label> Your email<br \/>\n<span class=\"wpcf7-form-control-wrap\" data-name=\"your-email\"><input size=\"40\" class=\"wpcf7-form-control wpcf7-email wpcf7-validates-as-required wpcf7-text wpcf7-validates-as-email\" autocomplete=\"email\" aria-required=\"true\" aria-invalid=\"false\" value=\"\" type=\"email\" name=\"your-email\" \/><\/span> <\/label>\n<\/p>\n<p><label> Subject<br \/>\n<span class=\"wpcf7-form-control-wrap\" data-name=\"your-subject\"><input size=\"40\" class=\"wpcf7-form-control wpcf7-text wpcf7-validates-as-required\" aria-required=\"true\" aria-invalid=\"false\" value=\"\" type=\"text\" name=\"your-subject\" \/><\/span> <\/label>\n<\/p>\n<p><label> Your message (optional)<br \/>\n<span class=\"wpcf7-form-control-wrap\" data-name=\"your-message\"><textarea cols=\"40\" rows=\"10\" class=\"wpcf7-form-control wpcf7-textarea\" aria-invalid=\"false\" name=\"your-message\"><\/textarea><\/span> <\/label>\n<\/p>\n<p><input class=\"wpcf7-form-control wpcf7-submit has-spinner\" type=\"submit\" value=\"Submit\" \/>\n<\/p><div class=\"wpcf7-response-output\" aria-hidden=\"true\"><\/div><\/form><\/div><\/div><\/div><\/div><\/div>","protected":false},"excerpt":{"rendered":"<p>In this series of articles, we invite you to meet the people who shape our organisation \u2014 those who inspire and motivate us. For this&#8230; <\/p>\n","protected":false},"author":8,"featured_media":34196,"comment_status":"open","ping_status":"open","sticky":false,"template":"","format":"standard","meta":{"_acf_changed":false,"footnotes":""},"categories":[12],"tags":[],"acf":[],"yoast_head":"<!-- This site is optimized with the Yoast SEO plugin v21.8 - https:\/\/yoast.com\/wordpress\/plugins\/seo\/ -->\n<title>Meet Aimara Arroyave S\u00e1nchez, coral guardian at Punta de la Mona, Spain - Coral Guardian<\/title>\n<meta name=\"robots\" content=\"index, follow, max-snippet:-1, max-image-preview:large, max-video-preview:-1\" \/>\n<link rel=\"canonical\" href=\"https:\/\/www.coralguardian.org\/en\/meet-aimara-arroyave-sanchez-coral-guardian-at-punta-de-la-mona-spain\/\" \/>\n<meta property=\"og:locale\" content=\"en_US\" \/>\n<meta property=\"og:type\" content=\"article\" \/>\n<meta property=\"og:title\" content=\"Meet Aimara Arroyave S\u00e1nchez, coral guardian at Punta de la Mona, Spain - Coral Guardian\" \/>\n<meta property=\"og:description\" content=\"In this series of articles, we invite you to meet the people who shape our organisation \u2014 those who inspire and motivate us. For this...\" \/>\n<meta property=\"og:url\" content=\"https:\/\/www.coralguardian.org\/en\/meet-aimara-arroyave-sanchez-coral-guardian-at-punta-de-la-mona-spain\/\" \/>\n<meta property=\"og:site_name\" content=\"Coral Guardian\" \/>\n<meta property=\"article:published_time\" content=\"2026-04-21T13:22:38+00:00\" \/>\n<meta property=\"article:modified_time\" content=\"2026-04-21T20:07:14+00:00\" \/>\n<meta property=\"og:image\" content=\"https:\/\/www.coralguardian.org\/app\/uploads\/2026\/04\/10.-Aimara_Coral-Soul-e1777018949856.jpeg\" \/>\n\t<meta property=\"og:image:width\" content=\"2040\" \/>\n\t<meta property=\"og:image:height\" content=\"1530\" \/>\n\t<meta property=\"og:image:type\" content=\"image\/jpeg\" \/>\n<meta name=\"author\" content=\"Coral Guardian\" \/>\n<meta name=\"twitter:card\" content=\"summary_large_image\" \/>\n<meta name=\"twitter:label1\" content=\"Written by\" \/>\n\t<meta name=\"twitter:data1\" content=\"Coral Guardian\" \/>\n\t<meta name=\"twitter:label2\" content=\"Est. reading time\" \/>\n\t<meta name=\"twitter:data2\" content=\"4 minutes\" \/>\n<script type=\"application\/ld+json\" class=\"yoast-schema-graph\">{\"@context\":\"https:\/\/schema.org\",\"@graph\":[{\"@type\":\"WebPage\",\"@id\":\"https:\/\/www.coralguardian.org\/en\/meet-aimara-arroyave-sanchez-coral-guardian-at-punta-de-la-mona-spain\/\",\"url\":\"https:\/\/www.coralguardian.org\/en\/meet-aimara-arroyave-sanchez-coral-guardian-at-punta-de-la-mona-spain\/\",\"name\":\"Meet Aimara Arroyave S\u00e1nchez, coral guardian at Punta de la Mona, Spain - Coral Guardian\",\"isPartOf\":{\"@id\":\"https:\/\/www.coralguardian.org\/#website\"},\"datePublished\":\"2026-04-21T13:22:38+00:00\",\"dateModified\":\"2026-04-21T20:07:14+00:00\",\"author\":{\"@id\":\"https:\/\/www.coralguardian.org\/#\/schema\/person\/4b0efcc18c1d9c36dbf17bdebf0fae6c\"},\"inLanguage\":\"en-US\",\"potentialAction\":[{\"@type\":\"ReadAction\",\"target\":[\"https:\/\/www.coralguardian.org\/en\/meet-aimara-arroyave-sanchez-coral-guardian-at-punta-de-la-mona-spain\/\"]}]},{\"@type\":\"WebSite\",\"@id\":\"https:\/\/www.coralguardian.org\/#website\",\"url\":\"https:\/\/www.coralguardian.org\/\",\"name\":\"Coral Guardian\",\"description\":\"Pr\u00e9server les \u00e9cosyst\u00e8mes coralliens et les communaut\u00e9s qui en d\u00e9pendent.\",\"potentialAction\":[{\"@type\":\"SearchAction\",\"target\":{\"@type\":\"EntryPoint\",\"urlTemplate\":\"https:\/\/www.coralguardian.org\/?s={search_term_string}\"},\"query-input\":\"required name=search_term_string\"}],\"inLanguage\":\"en-US\"},{\"@type\":\"Person\",\"@id\":\"https:\/\/www.coralguardian.org\/#\/schema\/person\/4b0efcc18c1d9c36dbf17bdebf0fae6c\",\"name\":\"Coral Guardian\",\"image\":{\"@type\":\"ImageObject\",\"inLanguage\":\"en-US\",\"@id\":\"https:\/\/www.coralguardian.org\/#\/schema\/person\/image\/\",\"url\":\"https:\/\/www.coralguardian.org\/app\/uploads\/2020\/11\/LOGO-vecto-125x125.jpg\",\"contentUrl\":\"https:\/\/www.coralguardian.org\/app\/uploads\/2020\/11\/LOGO-vecto-125x125.jpg\",\"caption\":\"Coral Guardian\"}}]}<\/script>\n<!-- \/ Yoast SEO plugin. -->","yoast_head_json":{"title":"Meet Aimara Arroyave S\u00e1nchez, coral guardian at Punta de la Mona, Spain - Coral Guardian","robots":{"index":"index","follow":"follow","max-snippet":"max-snippet:-1","max-image-preview":"max-image-preview:large","max-video-preview":"max-video-preview:-1"},"canonical":"https:\/\/www.coralguardian.org\/en\/meet-aimara-arroyave-sanchez-coral-guardian-at-punta-de-la-mona-spain\/","og_locale":"en_US","og_type":"article","og_title":"Meet Aimara Arroyave S\u00e1nchez, coral guardian at Punta de la Mona, Spain - Coral Guardian","og_description":"In this series of articles, we invite you to meet the people who shape our organisation \u2014 those who inspire and motivate us. For this...","og_url":"https:\/\/www.coralguardian.org\/en\/meet-aimara-arroyave-sanchez-coral-guardian-at-punta-de-la-mona-spain\/","og_site_name":"Coral Guardian","article_published_time":"2026-04-21T13:22:38+00:00","article_modified_time":"2026-04-21T20:07:14+00:00","og_image":[{"width":2040,"height":1530,"url":"https:\/\/www.coralguardian.org\/app\/uploads\/2026\/04\/10.-Aimara_Coral-Soul-e1777018949856.jpeg","type":"image\/jpeg"}],"author":"Coral Guardian","twitter_card":"summary_large_image","twitter_misc":{"Written by":"Coral Guardian","Est. reading time":"4 minutes"},"schema":{"@context":"https:\/\/schema.org","@graph":[{"@type":"WebPage","@id":"https:\/\/www.coralguardian.org\/en\/meet-aimara-arroyave-sanchez-coral-guardian-at-punta-de-la-mona-spain\/","url":"https:\/\/www.coralguardian.org\/en\/meet-aimara-arroyave-sanchez-coral-guardian-at-punta-de-la-mona-spain\/","name":"Meet Aimara Arroyave S\u00e1nchez, coral guardian at Punta de la Mona, Spain - Coral Guardian","isPartOf":{"@id":"https:\/\/www.coralguardian.org\/#website"},"datePublished":"2026-04-21T13:22:38+00:00","dateModified":"2026-04-21T20:07:14+00:00","author":{"@id":"https:\/\/www.coralguardian.org\/#\/schema\/person\/4b0efcc18c1d9c36dbf17bdebf0fae6c"},"inLanguage":"en-US","potentialAction":[{"@type":"ReadAction","target":["https:\/\/www.coralguardian.org\/en\/meet-aimara-arroyave-sanchez-coral-guardian-at-punta-de-la-mona-spain\/"]}]},{"@type":"WebSite","@id":"https:\/\/www.coralguardian.org\/#website","url":"https:\/\/www.coralguardian.org\/","name":"Coral Guardian","description":"Pr\u00e9server les \u00e9cosyst\u00e8mes coralliens et les communaut\u00e9s qui en d\u00e9pendent.","potentialAction":[{"@type":"SearchAction","target":{"@type":"EntryPoint","urlTemplate":"https:\/\/www.coralguardian.org\/?s={search_term_string}"},"query-input":"required name=search_term_string"}],"inLanguage":"en-US"},{"@type":"Person","@id":"https:\/\/www.coralguardian.org\/#\/schema\/person\/4b0efcc18c1d9c36dbf17bdebf0fae6c","name":"Coral Guardian","image":{"@type":"ImageObject","inLanguage":"en-US","@id":"https:\/\/www.coralguardian.org\/#\/schema\/person\/image\/","url":"https:\/\/www.coralguardian.org\/app\/uploads\/2020\/11\/LOGO-vecto-125x125.jpg","contentUrl":"https:\/\/www.coralguardian.org\/app\/uploads\/2020\/11\/LOGO-vecto-125x125.jpg","caption":"Coral Guardian"}}]}},"_links":{"self":[{"href":"https:\/\/www.coralguardian.org\/en\/wp-json\/wp\/v2\/posts\/34198"}],"collection":[{"href":"https:\/\/www.coralguardian.org\/en\/wp-json\/wp\/v2\/posts"}],"about":[{"href":"https:\/\/www.coralguardian.org\/en\/wp-json\/wp\/v2\/types\/post"}],"author":[{"embeddable":true,"href":"https:\/\/www.coralguardian.org\/en\/wp-json\/wp\/v2\/users\/8"}],"replies":[{"embeddable":true,"href":"https:\/\/www.coralguardian.org\/en\/wp-json\/wp\/v2\/comments?post=34198"}],"version-history":[{"count":1,"href":"https:\/\/www.coralguardian.org\/en\/wp-json\/wp\/v2\/posts\/34198\/revisions"}],"predecessor-version":[{"id":34199,"href":"https:\/\/www.coralguardian.org\/en\/wp-json\/wp\/v2\/posts\/34198\/revisions\/34199"}],"wp:featuredmedia":[{"embeddable":true,"href":"https:\/\/www.coralguardian.org\/en\/wp-json\/wp\/v2\/media\/34196"}],"wp:attachment":[{"href":"https:\/\/www.coralguardian.org\/en\/wp-json\/wp\/v2\/media?parent=34198"}],"wp:term":[{"taxonomy":"category","embeddable":true,"href":"https:\/\/www.coralguardian.org\/en\/wp-json\/wp\/v2\/categories?post=34198"},{"taxonomy":"post_tag","embeddable":true,"href":"https:\/\/www.coralguardian.org\/en\/wp-json\/wp\/v2\/tags?post=34198"}],"curies":[{"name":"wp","href":"https:\/\/api.w.org\/{rel}","templated":true}]}}